{"id":125,"date":"2018-09-03T10:36:24","date_gmt":"2018-09-03T08:36:24","guid":{"rendered":"https:\/\/www.fenster-tueren-gmbh.de\/?p=125"},"modified":"2018-09-06T08:24:26","modified_gmt":"2018-09-06T06:24:26","slug":"wie-gut-sind-fenster-von-thermoblue","status":"publish","type":"post","link":"https:\/\/www.fenster-tueren-gmbh.de\/?p=125","title":{"rendered":"Wie gut sind Fenster von ThermoBlue?"},"content":{"rendered":"<p>Sicherlich sind Sie im Netz schon mal auf die Angebote von <a href=\"https:\/\/www.mein-fensterplatz.de\/13-fenster\">Fenstern<\/a>, oder auch <a href=\"https:\/\/www.mein-fensterplatz.de\/17-balkontueren\">Balkont\u00fcren<\/a> des Herstellers &#8222;<a href=\"https:\/\/www.mein-fensterplatz.de\/47-thermoblue\">ThermoBlue<\/a>&#8220; gesto\u00dfen. Zu diesem k\u00f6nnen wir eines sagen: Es handelt sich hier um unsere neue Eigenmarke f\u00fcr diese Bauelemente.<\/p>\n<p>Wir haben hier bewusst f\u00fcr den Namen eine Zusammenstellung der Wortbeschreibungen &#8222;Thermo-&#8220; (beschreibt das Attribut Temperatur, bzw. das &#8222;halten&#8220; und organisieren von Temperatur) und &#8222;Blue&#8220; (sozusagen f\u00fcr die &#8222;beste L\u00f6sung&#8220;) gew\u00e4hlt. Wir m\u00f6chten Ihnen so vermitteln, dass wir bei unserer Marke diese Ans\u00e4tze im Vordergrund sehen. Um die gute <a href=\"https:\/\/www.mein-fensterplatz.de\/thermoblue\/782-fenster-guenstig-konfigurieren-thermoblue-6pro.html\">Energieeeffizienz<\/a> bei optimalem Preis-\/Leistungsverh\u00e4ltnis brauchen Sie sich also keine Sorgen zu machen.<\/p>\n<p>Komponenten dieser Baureihe basieren immer auf bekannten <a href=\"https:\/\/www.mein-fensterplatz.de\/45-konfigurierbare-balkonturen\">Profilen<\/a> renommierter Hersteller. Hier selektieren wir f\u00fcr Sie immer wieder in einer Kombination aus den Aspekten Verf\u00fcgbarkeit, Preis-\/Leistungsverh\u00e4ltnis und den technischen Eigenschaften. Mit dieser Herangehensweise sind wir stets bem\u00fcht, die beste L\u00f6sung f\u00fcr Ihr Projekt zur Verf\u00fcgung zu stellen.<\/p>\n","protected":false},"excerpt":{"rendered":"<p>Sicherlich sind Sie im Netz schon mal auf die Angebote von Fenstern, oder auch Balkont\u00fcren des Herstellers &#8222;ThermoBlue&#8220; gesto\u00dfen. Zu diesem k\u00f6nnen wir eines sagen: Es handelt sich hier um unsere neue Eigenmarke f\u00fcr diese Bauelemente. Wir haben hier bewusst f\u00fcr den Namen eine Zusammenstellung der Wortbeschreibungen &#8222;Thermo-&#8220; (beschreibt das Attribut Temperatur, bzw. das &#8222;halten&#8220; [&hellip;]<\/p>\n","protected":false},"author":2,"featured_media":128,"comment_status":"closed","ping_status":"open","sticky":false,"template":"","format":"standard","meta":[],"categories":[1],"tags":[],"_links":{"self":[{"href":"https:\/\/www.fenster-tueren-gmbh.de\/index.php?rest_route=\/wp\/v2\/posts\/125"}],"collection":[{"href":"https:\/\/www.fenster-tueren-gmbh.de\/index.php?rest_route=\/wp\/v2\/posts"}],"about":[{"href":"https:\/\/www.fenster-tueren-gmbh.de\/index.php?rest_route=\/wp\/v2\/types\/post"}],"author":[{"embeddable":true,"href":"https:\/\/www.fenster-tueren-gmbh.de\/index.php?rest_route=\/wp\/v2\/users\/2"}],"replies":[{"embeddable":true,"href":"https:\/\/www.fenster-tueren-gmbh.de\/index.php?rest_route=%2Fwp%2Fv2%2Fcomments&post=125"}],"version-history":[{"count":2,"href":"https:\/\/www.fenster-tueren-gmbh.de\/index.php?rest_route=\/wp\/v2\/posts\/125\/revisions"}],"predecessor-version":[{"id":138,"href":"https:\/\/www.fenster-tueren-gmbh.de\/index.php?rest_route=\/wp\/v2\/posts\/125\/revisions\/138"}],"wp:featuredmedia":[{"embeddable":true,"href":"https:\/\/www.fenster-tueren-gmbh.de\/index.php?rest_route=\/wp\/v2\/media\/128"}],"wp:attachment":[{"href":"https:\/\/www.fenster-tueren-gmbh.de\/index.php?rest_route=%2Fwp%2Fv2%2Fmedia&parent=125"}],"wp:term":[{"taxonomy":"category","embeddable":true,"href":"https:\/\/www.fenster-tueren-gmbh.de\/index.php?rest_route=%2Fwp%2Fv2%2Fcategories&post=125"},{"taxonomy":"post_tag","embeddable":true,"href":"https:\/\/www.fenster-tueren-gmbh.de\/index.php?rest_route=%2Fwp%2Fv2%2Ftags&post=125"}],"curies":[{"name":"wp","href":"https:\/\/api.w.org\/{rel}","templated":true}]}}