{"id":141,"date":"2018-09-20T12:04:57","date_gmt":"2018-09-20T10:04:57","guid":{"rendered":"https:\/\/www.fenster-tueren-gmbh.de\/?p=141"},"modified":"2018-09-20T12:07:10","modified_gmt":"2018-09-20T10:07:10","slug":"https-www-fenster-tueren-gmbh-de-p141previewtrue","status":"publish","type":"post","link":"https:\/\/www.fenster-tueren-gmbh.de\/?p=141","title":{"rendered":"Wo kaufen ?"},"content":{"rendered":"<p>Fenster und T\u00fcren kaufen Sie nicht f\u00fcr kurze Zeit sondern f\u00fcr Jahrzehnte. Deshalb sollte Sie die Wahl des H\u00e4ndlers sehr sorgf\u00e4ltig \u00fcberdenken. Billigk\u00e4ufe und Billigprodukte sind f\u00fcr einen Eigenheim Besitzer schnell eine Kostenfalle. Wichtige Kriterien zur Auswahl des geeigneten Herstellers und Anbieters sind:<\/p>\n<ul>\n<li>Wie lange ist der H\u00e4ndler bereits auf dem Markt ethabliert.<\/li>\n<li>bietet der Anbieter eine gute Beratung an.<\/li>\n<li>kann der Anbieter Referenzen nennen.<\/li>\n<li>Wie gut ist die Ersatzteilversorgung.<\/li>\n<li>Wie lange existiert der Hersteller.<\/li>\n<li>Werden bei dem Produkt die gesetzlichen Richtlinien eingehalten.<\/li>\n<li>Gibt es unabh\u00e4ngige Tests anerkannter Testinstitute zu dem Produkt.<\/li>\n<li>hat das Produkt G\u00fctesiegel.<\/li>\n<\/ul>\n<p>Nach einem Gespr\u00e4ch sollten Sie ein gutes Gef\u00fchl f\u00fcr die richtige Wahl der Anbieters haben.<\/p>\n<p>&nbsp;<\/p>\n<p>&nbsp;<\/p>\n","protected":false},"excerpt":{"rendered":"<p>Fenster und T\u00fcren kaufen Sie nicht f\u00fcr kurze Zeit sondern f\u00fcr Jahrzehnte. Deshalb sollte Sie die Wahl des H\u00e4ndlers sehr sorgf\u00e4ltig \u00fcberdenken. Billigk\u00e4ufe und Billigprodukte sind f\u00fcr einen Eigenheim Besitzer schnell eine Kostenfalle. Wichtige Kriterien zur Auswahl des geeigneten Herstellers und Anbieters sind: Wie lange ist der H\u00e4ndler bereits auf dem Markt ethabliert. bietet der [&hellip;]<\/p>\n","protected":false},"author":2,"featured_media":0,"comment_status":"closed","ping_status":"open","sticky":false,"template":"","format":"standard","meta":[],"categories":[1],"tags":[7,5,4,6],"_links":{"self":[{"href":"https:\/\/www.fenster-tueren-gmbh.de\/index.php?rest_route=\/wp\/v2\/posts\/141"}],"collection":[{"href":"https:\/\/www.fenster-tueren-gmbh.de\/index.php?rest_route=\/wp\/v2\/posts"}],"about":[{"href":"https:\/\/www.fenster-tueren-gmbh.de\/index.php?rest_route=\/wp\/v2\/types\/post"}],"author":[{"embeddable":true,"href":"https:\/\/www.fenster-tueren-gmbh.de\/index.php?rest_route=\/wp\/v2\/users\/2"}],"replies":[{"embeddable":true,"href":"https:\/\/www.fenster-tueren-gmbh.de\/index.php?rest_route=%2Fwp%2Fv2%2Fcomments&post=141"}],"version-history":[{"count":5,"href":"https:\/\/www.fenster-tueren-gmbh.de\/index.php?rest_route=\/wp\/v2\/posts\/141\/revisions"}],"predecessor-version":[{"id":146,"href":"https:\/\/www.fenster-tueren-gmbh.de\/index.php?rest_route=\/wp\/v2\/posts\/141\/revisions\/146"}],"wp:attachment":[{"href":"https:\/\/www.fenster-tueren-gmbh.de\/index.php?rest_route=%2Fwp%2Fv2%2Fmedia&parent=141"}],"wp:term":[{"taxonomy":"category","embeddable":true,"href":"https:\/\/www.fenster-tueren-gmbh.de\/index.php?rest_route=%2Fwp%2Fv2%2Fcategories&post=141"},{"taxonomy":"post_tag","embeddable":true,"href":"https:\/\/www.fenster-tueren-gmbh.de\/index.php?rest_route=%2Fwp%2Fv2%2Ftags&post=141"}],"curies":[{"name":"wp","href":"https:\/\/api.w.org\/{rel}","templated":true}]}}